{"id":4137,"date":"2018-02-14T11:29:47","date_gmt":"2018-02-14T09:29:47","guid":{"rendered":"http:\/\/hst.cat\/?p=4137"},"modified":"2018-02-14T16:07:27","modified_gmt":"2018-02-14T14:07:27","slug":"como-afectara-el-nuevo-rgpd","status":"publish","type":"post","link":"https:\/\/www.hst.cat\/es\/como-afectara-el-nuevo-rgpd\/","title":{"rendered":"\u00bfC\u00f3mo nos afectar\u00e1 el nuevo Reglamento Europeo de Protecci\u00f3n de Datos (RGPD)?"},"content":{"rendered":"<p><span style=\"font-weight: 400;\">Ya casi se acaba el plazo para adaptarse al nuevo Reglamento Europeo de Protecci\u00f3n de Datos. <strong>El 25 de mayo de 2018<\/strong>, tendremos que cumplir una serie de obligaciones y medidas orientadas a aumentar la garant\u00eda de los derechos de los ciudadanos, que deber\u00e1n disponer de un control m\u00e1s efectivo de sus propios datos personales.<\/span><\/p>\n<p><span style=\"font-weight: 400;\">Aqu\u00ed tenemos algunas de las obligaciones m\u00e1s destacadas:<\/span><\/p>\n<ol>\n<li style=\"font-weight: 400;\"><span style=\"font-weight: 400;\">Nuevos derechos de los ciudadanos: derecho al olvido y derecho a la portabilidad de datos.<\/span><\/li>\n<li style=\"font-weight: 400;\"><span style=\"font-weight: 400;\">Creaci\u00f3n de la figura del DPO (Delegado de Protecci\u00f3n de Datos)<\/span><\/li>\n<li style=\"font-weight: 400;\"><span style=\"font-weight: 400;\">Obligaci\u00f3n de realizar An\u00e1lisis de Riesgos y Evaluaciones de Impacto<\/span><\/li>\n<li style=\"font-weight: 400;\"><span style=\"font-weight: 400;\">Obligaci\u00f3n de registrar documentalmente las operaciones de tratamiento<\/span><\/li>\n<li style=\"font-weight: 400;\"><span style=\"font-weight: 400;\">Nuevas notificaciones a la Autoridad de Control<\/span><\/li>\n<li style=\"font-weight: 400;\"><span style=\"font-weight: 400;\">M\u00e1s informaci\u00f3n del tratamiento de datos personales a los afectados.<\/span><\/li>\n<li style=\"font-weight: 400;\"><span style=\"font-weight: 400;\">Incremento de la cuant\u00eda de las sanciones:<\/span>\n<ol>\n<li style=\"font-weight: 400;\"><span style=\"font-weight: 400;\">Sanciones graves: hasta 10 millones de euros o el 2% del volumen de negocio total anual del ejercicio financiero anterior.<\/span><\/li>\n<li style=\"font-weight: 400;\"><span style=\"font-weight: 400;\">Sanciones muy graves: hasta 20 millones de euros o hasta el 4% del volumen de negocio total anual del ejercicio financiero anterior.<\/span><\/li>\n<\/ol>\n<\/li>\n<li style=\"font-weight: 400;\"><span style=\"font-weight: 400;\">Desaparece la advertencia ( \u00abapercibimiento\u00bb): en cualquier infracci\u00f3n se aplicar\u00e1 sanci\u00f3n econ\u00f3mica.<\/span><\/li>\n<li style=\"font-weight: 400;\"><span style=\"font-weight: 400;\">Desaparece quedando sin valor el consentimiento t\u00e1cito. El consentimiento deber\u00e1 ser libre, informado, espec\u00edfico e inequ\u00edvoco.<\/span><\/li>\n<li style=\"font-weight: 400;\"><span style=\"font-weight: 400;\">Establecimiento de obligaciones por nuevas categor\u00edas especiales de datos (biom\u00e9tricos, gen\u00e9ticos, etc.)<\/span><\/li>\n<\/ol>\n<p>&nbsp;<\/p>\n<p><span style=\"font-weight: 400;\">Conf\u00eda en HST para la adaptaci\u00f3n a la Ley Org\u00e1nica de Protecci\u00f3n de Datos (LOPD) y al Reglamento General de Protecci\u00f3n de Datos (RGPD), te ayudaremos a alcanzar estos objetivos<\/span><\/p>\n<p>&nbsp;<\/p>\n","protected":false},"excerpt":{"rendered":"<p>Ya casi se acaba el plazo para adaptarse al nuevo Reglamento Europeo de Protecci\u00f3n de Datos. El 25 de mayo de 2018, tendremos que cumplir una<span class=\"excerpt-hellip\"> [\u2026]<\/span><\/p>\n","protected":false},"author":2,"featured_media":4140,"comment_status":"closed","ping_status":"open","sticky":false,"template":"","format":"standard","meta":{"_jetpack_memberships_contains_paid_content":false,"footnotes":""},"categories":[24],"tags":[],"class_list":["post-4137","post","type-post","status-publish","format-standard","has-post-thumbnail","hentry","category-general-es"],"yoast_head":"<!-- This site is optimized with the Yoast SEO plugin v27.5 - https:\/\/yoast.com\/product\/yoast-seo-wordpress\/ -->\n<title>\u00bfComo nos afectar\u00e1 el nuevo RDGP?<\/title>\n<meta name=\"robots\" content=\"index, follow, max-snippet:-1, max-image-preview:large, max-video-preview:-1\" \/>\n<link rel=\"canonical\" href=\"https:\/\/www.hst.cat\/es\/como-afectara-el-nuevo-rgpd\/\" \/>\n<meta property=\"og:locale\" content=\"es_ES\" \/>\n<meta property=\"og:type\" content=\"article\" \/>\n<meta property=\"og:title\" content=\"\u00bfComo nos afectar\u00e1 el nuevo RDGP?\" \/>\n<meta property=\"og:description\" content=\"Ya casi se acaba el plazo para adaptarse al nuevo Reglamento Europeo de Protecci\u00f3n de Datos. El 25 de mayo de 2018, tendremos que cumplir una [\u2026]\" \/>\n<meta property=\"og:url\" content=\"https:\/\/www.hst.cat\/es\/como-afectara-el-nuevo-rgpd\/\" \/>\n<meta property=\"og:site_name\" content=\"Inform\u00e0tica Lleida HST\" \/>\n<meta property=\"article:published_time\" content=\"2018-02-14T09:29:47+00:00\" \/>\n<meta property=\"article:modified_time\" content=\"2018-02-14T14:07:27+00:00\" \/>\n<meta property=\"og:image\" content=\"https:\/\/i0.wp.com\/www.hst.cat\/wp-content\/uploads\/matrix-2503236_1920.jpg?fit=1920%2C828&ssl=1\" \/>\n\t<meta property=\"og:image:width\" content=\"1920\" \/>\n\t<meta property=\"og:image:height\" content=\"828\" \/>\n\t<meta property=\"og:image:type\" content=\"image\/jpeg\" \/>\n<meta name=\"author\" content=\"HST\" \/>\n<meta name=\"twitter:label1\" content=\"Escrito por\" \/>\n\t<meta name=\"twitter:data1\" content=\"HST\" \/>\n\t<meta name=\"twitter:label2\" content=\"Tiempo de lectura\" \/>\n\t<meta name=\"twitter:data2\" content=\"1 minuto\" \/>\n<script type=\"application\/ld+json\" class=\"yoast-schema-graph\">{\"@context\":\"https:\\\/\\\/schema.org\",\"@graph\":[{\"@type\":\"Article\",\"@id\":\"https:\\\/\\\/www.hst.cat\\\/es\\\/como-afectara-el-nuevo-rgpd\\\/#article\",\"isPartOf\":{\"@id\":\"https:\\\/\\\/www.hst.cat\\\/es\\\/como-afectara-el-nuevo-rgpd\\\/\"},\"author\":{\"name\":\"HST\",\"@id\":\"https:\\\/\\\/www.hst.cat\\\/#\\\/schema\\\/person\\\/079a3968b647d9fc2fdc15a74ab7fdb0\"},\"headline\":\"\u00bfC\u00f3mo nos afectar\u00e1 el nuevo Reglamento Europeo de Protecci\u00f3n de Datos (RGPD)?\",\"datePublished\":\"2018-02-14T09:29:47+00:00\",\"dateModified\":\"2018-02-14T14:07:27+00:00\",\"mainEntityOfPage\":{\"@id\":\"https:\\\/\\\/www.hst.cat\\\/es\\\/como-afectara-el-nuevo-rgpd\\\/\"},\"wordCount\":279,\"image\":{\"@id\":\"https:\\\/\\\/www.hst.cat\\\/es\\\/como-afectara-el-nuevo-rgpd\\\/#primaryimage\"},\"thumbnailUrl\":\"https:\\\/\\\/i0.wp.com\\\/www.hst.cat\\\/wp-content\\\/uploads\\\/matrix-2503236_1920.jpg?fit=1920%2C828&ssl=1\",\"articleSection\":[\"General\"],\"inLanguage\":\"es\"},{\"@type\":\"WebPage\",\"@id\":\"https:\\\/\\\/www.hst.cat\\\/es\\\/como-afectara-el-nuevo-rgpd\\\/\",\"url\":\"https:\\\/\\\/www.hst.cat\\\/es\\\/como-afectara-el-nuevo-rgpd\\\/\",\"name\":\"\u00bfComo nos afectar\u00e1 el nuevo RDGP?\",\"isPartOf\":{\"@id\":\"https:\\\/\\\/www.hst.cat\\\/#website\"},\"primaryImageOfPage\":{\"@id\":\"https:\\\/\\\/www.hst.cat\\\/es\\\/como-afectara-el-nuevo-rgpd\\\/#primaryimage\"},\"image\":{\"@id\":\"https:\\\/\\\/www.hst.cat\\\/es\\\/como-afectara-el-nuevo-rgpd\\\/#primaryimage\"},\"thumbnailUrl\":\"https:\\\/\\\/i0.wp.com\\\/www.hst.cat\\\/wp-content\\\/uploads\\\/matrix-2503236_1920.jpg?fit=1920%2C828&ssl=1\",\"datePublished\":\"2018-02-14T09:29:47+00:00\",\"dateModified\":\"2018-02-14T14:07:27+00:00\",\"author\":{\"@id\":\"https:\\\/\\\/www.hst.cat\\\/#\\\/schema\\\/person\\\/079a3968b647d9fc2fdc15a74ab7fdb0\"},\"breadcrumb\":{\"@id\":\"https:\\\/\\\/www.hst.cat\\\/es\\\/como-afectara-el-nuevo-rgpd\\\/#breadcrumb\"},\"inLanguage\":\"es\",\"potentialAction\":[{\"@type\":\"ReadAction\",\"target\":[\"https:\\\/\\\/www.hst.cat\\\/es\\\/como-afectara-el-nuevo-rgpd\\\/\"]}]},{\"@type\":\"ImageObject\",\"inLanguage\":\"es\",\"@id\":\"https:\\\/\\\/www.hst.cat\\\/es\\\/como-afectara-el-nuevo-rgpd\\\/#primaryimage\",\"url\":\"https:\\\/\\\/i0.wp.com\\\/www.hst.cat\\\/wp-content\\\/uploads\\\/matrix-2503236_1920.jpg?fit=1920%2C828&ssl=1\",\"contentUrl\":\"https:\\\/\\\/i0.wp.com\\\/www.hst.cat\\\/wp-content\\\/uploads\\\/matrix-2503236_1920.jpg?fit=1920%2C828&ssl=1\",\"width\":1920,\"height\":828,\"caption\":\"rgpd\"},{\"@type\":\"BreadcrumbList\",\"@id\":\"https:\\\/\\\/www.hst.cat\\\/es\\\/como-afectara-el-nuevo-rgpd\\\/#breadcrumb\",\"itemListElement\":[{\"@type\":\"ListItem\",\"position\":1,\"name\":\"Portada\",\"item\":\"https:\\\/\\\/www.hst.cat\\\/es\\\/\"},{\"@type\":\"ListItem\",\"position\":2,\"name\":\"\u00bfC\u00f3mo nos afectar\u00e1 el nuevo Reglamento Europeo de Protecci\u00f3n de Datos (RGPD)?\"}]},{\"@type\":\"WebSite\",\"@id\":\"https:\\\/\\\/www.hst.cat\\\/#website\",\"url\":\"https:\\\/\\\/www.hst.cat\\\/\",\"name\":\"Inform\u00e0tica Lleida HST\",\"description\":\"Oferim serveis d\u2019inform\u00e0tica i noves tecnologies per empreses. Servei t\u00e8cnic, Web, Soft Gesti\u00f3, Xarxes, Consultoria\",\"potentialAction\":[{\"@type\":\"SearchAction\",\"target\":{\"@type\":\"EntryPoint\",\"urlTemplate\":\"https:\\\/\\\/www.hst.cat\\\/?s={search_term_string}\"},\"query-input\":{\"@type\":\"PropertyValueSpecification\",\"valueRequired\":true,\"valueName\":\"search_term_string\"}}],\"inLanguage\":\"es\"},{\"@type\":\"Person\",\"@id\":\"https:\\\/\\\/www.hst.cat\\\/#\\\/schema\\\/person\\\/079a3968b647d9fc2fdc15a74ab7fdb0\",\"name\":\"HST\",\"image\":{\"@type\":\"ImageObject\",\"inLanguage\":\"es\",\"@id\":\"https:\\\/\\\/secure.gravatar.com\\\/avatar\\\/89800c467f546a5415b04be7a2b3405c648f08511a010574fffb62084116f730?s=96&d=mm&r=g\",\"url\":\"https:\\\/\\\/secure.gravatar.com\\\/avatar\\\/89800c467f546a5415b04be7a2b3405c648f08511a010574fffb62084116f730?s=96&d=mm&r=g\",\"contentUrl\":\"https:\\\/\\\/secure.gravatar.com\\\/avatar\\\/89800c467f546a5415b04be7a2b3405c648f08511a010574fffb62084116f730?s=96&d=mm&r=g\",\"caption\":\"HST\"},\"sameAs\":[\"https:\\\/\\\/www.hst.cat\"]}]}<\/script>\n<!-- \/ Yoast SEO plugin. -->","yoast_head_json":{"title":"\u00bfComo nos afectar\u00e1 el nuevo RDGP?","robots":{"index":"index","follow":"follow","max-snippet":"max-snippet:-1","max-image-preview":"max-image-preview:large","max-video-preview":"max-video-preview:-1"},"canonical":"https:\/\/www.hst.cat\/es\/como-afectara-el-nuevo-rgpd\/","og_locale":"es_ES","og_type":"article","og_title":"\u00bfComo nos afectar\u00e1 el nuevo RDGP?","og_description":"Ya casi se acaba el plazo para adaptarse al nuevo Reglamento Europeo de Protecci\u00f3n de Datos. El 25 de mayo de 2018, tendremos que cumplir una [\u2026]","og_url":"https:\/\/www.hst.cat\/es\/como-afectara-el-nuevo-rgpd\/","og_site_name":"Inform\u00e0tica Lleida HST","article_published_time":"2018-02-14T09:29:47+00:00","article_modified_time":"2018-02-14T14:07:27+00:00","og_image":[{"width":1920,"height":828,"url":"https:\/\/i0.wp.com\/www.hst.cat\/wp-content\/uploads\/matrix-2503236_1920.jpg?fit=1920%2C828&ssl=1","type":"image\/jpeg"}],"author":"HST","twitter_misc":{"Escrito por":"HST","Tiempo de lectura":"1 minuto"},"schema":{"@context":"https:\/\/schema.org","@graph":[{"@type":"Article","@id":"https:\/\/www.hst.cat\/es\/como-afectara-el-nuevo-rgpd\/#article","isPartOf":{"@id":"https:\/\/www.hst.cat\/es\/como-afectara-el-nuevo-rgpd\/"},"author":{"name":"HST","@id":"https:\/\/www.hst.cat\/#\/schema\/person\/079a3968b647d9fc2fdc15a74ab7fdb0"},"headline":"\u00bfC\u00f3mo nos afectar\u00e1 el nuevo Reglamento Europeo de Protecci\u00f3n de Datos (RGPD)?","datePublished":"2018-02-14T09:29:47+00:00","dateModified":"2018-02-14T14:07:27+00:00","mainEntityOfPage":{"@id":"https:\/\/www.hst.cat\/es\/como-afectara-el-nuevo-rgpd\/"},"wordCount":279,"image":{"@id":"https:\/\/www.hst.cat\/es\/como-afectara-el-nuevo-rgpd\/#primaryimage"},"thumbnailUrl":"https:\/\/i0.wp.com\/www.hst.cat\/wp-content\/uploads\/matrix-2503236_1920.jpg?fit=1920%2C828&ssl=1","articleSection":["General"],"inLanguage":"es"},{"@type":"WebPage","@id":"https:\/\/www.hst.cat\/es\/como-afectara-el-nuevo-rgpd\/","url":"https:\/\/www.hst.cat\/es\/como-afectara-el-nuevo-rgpd\/","name":"\u00bfComo nos afectar\u00e1 el nuevo RDGP?","isPartOf":{"@id":"https:\/\/www.hst.cat\/#website"},"primaryImageOfPage":{"@id":"https:\/\/www.hst.cat\/es\/como-afectara-el-nuevo-rgpd\/#primaryimage"},"image":{"@id":"https:\/\/www.hst.cat\/es\/como-afectara-el-nuevo-rgpd\/#primaryimage"},"thumbnailUrl":"https:\/\/i0.wp.com\/www.hst.cat\/wp-content\/uploads\/matrix-2503236_1920.jpg?fit=1920%2C828&ssl=1","datePublished":"2018-02-14T09:29:47+00:00","dateModified":"2018-02-14T14:07:27+00:00","author":{"@id":"https:\/\/www.hst.cat\/#\/schema\/person\/079a3968b647d9fc2fdc15a74ab7fdb0"},"breadcrumb":{"@id":"https:\/\/www.hst.cat\/es\/como-afectara-el-nuevo-rgpd\/#breadcrumb"},"inLanguage":"es","potentialAction":[{"@type":"ReadAction","target":["https:\/\/www.hst.cat\/es\/como-afectara-el-nuevo-rgpd\/"]}]},{"@type":"ImageObject","inLanguage":"es","@id":"https:\/\/www.hst.cat\/es\/como-afectara-el-nuevo-rgpd\/#primaryimage","url":"https:\/\/i0.wp.com\/www.hst.cat\/wp-content\/uploads\/matrix-2503236_1920.jpg?fit=1920%2C828&ssl=1","contentUrl":"https:\/\/i0.wp.com\/www.hst.cat\/wp-content\/uploads\/matrix-2503236_1920.jpg?fit=1920%2C828&ssl=1","width":1920,"height":828,"caption":"rgpd"},{"@type":"BreadcrumbList","@id":"https:\/\/www.hst.cat\/es\/como-afectara-el-nuevo-rgpd\/#breadcrumb","itemListElement":[{"@type":"ListItem","position":1,"name":"Portada","item":"https:\/\/www.hst.cat\/es\/"},{"@type":"ListItem","position":2,"name":"\u00bfC\u00f3mo nos afectar\u00e1 el nuevo Reglamento Europeo de Protecci\u00f3n de Datos (RGPD)?"}]},{"@type":"WebSite","@id":"https:\/\/www.hst.cat\/#website","url":"https:\/\/www.hst.cat\/","name":"Inform\u00e0tica Lleida HST","description":"Oferim serveis d\u2019inform\u00e0tica i noves tecnologies per empreses. Servei t\u00e8cnic, Web, Soft Gesti\u00f3, Xarxes, Consultoria","potentialAction":[{"@type":"SearchAction","target":{"@type":"EntryPoint","urlTemplate":"https:\/\/www.hst.cat\/?s={search_term_string}"},"query-input":{"@type":"PropertyValueSpecification","valueRequired":true,"valueName":"search_term_string"}}],"inLanguage":"es"},{"@type":"Person","@id":"https:\/\/www.hst.cat\/#\/schema\/person\/079a3968b647d9fc2fdc15a74ab7fdb0","name":"HST","image":{"@type":"ImageObject","inLanguage":"es","@id":"https:\/\/secure.gravatar.com\/avatar\/89800c467f546a5415b04be7a2b3405c648f08511a010574fffb62084116f730?s=96&d=mm&r=g","url":"https:\/\/secure.gravatar.com\/avatar\/89800c467f546a5415b04be7a2b3405c648f08511a010574fffb62084116f730?s=96&d=mm&r=g","contentUrl":"https:\/\/secure.gravatar.com\/avatar\/89800c467f546a5415b04be7a2b3405c648f08511a010574fffb62084116f730?s=96&d=mm&r=g","caption":"HST"},"sameAs":["https:\/\/www.hst.cat"]}]}},"jetpack_featured_media_url":"https:\/\/i0.wp.com\/www.hst.cat\/wp-content\/uploads\/matrix-2503236_1920.jpg?fit=1920%2C828&ssl=1","jetpack_shortlink":"https:\/\/wp.me\/p7Yfwy-14J","jetpack_sharing_enabled":true,"_links":{"self":[{"href":"https:\/\/www.hst.cat\/es\/wp-json\/wp\/v2\/posts\/4137","targetHints":{"allow":["GET"]}}],"collection":[{"href":"https:\/\/www.hst.cat\/es\/wp-json\/wp\/v2\/posts"}],"about":[{"href":"https:\/\/www.hst.cat\/es\/wp-json\/wp\/v2\/types\/post"}],"author":[{"embeddable":true,"href":"https:\/\/www.hst.cat\/es\/wp-json\/wp\/v2\/users\/2"}],"replies":[{"embeddable":true,"href":"https:\/\/www.hst.cat\/es\/wp-json\/wp\/v2\/comments?post=4137"}],"version-history":[{"count":2,"href":"https:\/\/www.hst.cat\/es\/wp-json\/wp\/v2\/posts\/4137\/revisions"}],"predecessor-version":[{"id":4139,"href":"https:\/\/www.hst.cat\/es\/wp-json\/wp\/v2\/posts\/4137\/revisions\/4139"}],"wp:featuredmedia":[{"embeddable":true,"href":"https:\/\/www.hst.cat\/es\/wp-json\/wp\/v2\/media\/4140"}],"wp:attachment":[{"href":"https:\/\/www.hst.cat\/es\/wp-json\/wp\/v2\/media?parent=4137"}],"wp:term":[{"taxonomy":"category","embeddable":true,"href":"https:\/\/www.hst.cat\/es\/wp-json\/wp\/v2\/categories?post=4137"},{"taxonomy":"post_tag","embeddable":true,"href":"https:\/\/www.hst.cat\/es\/wp-json\/wp\/v2\/tags?post=4137"}],"curies":[{"name":"wp","href":"https:\/\/api.w.org\/{rel}","templated":true}]}}