{"id":7740,"date":"2019-03-20T16:17:24","date_gmt":"2019-03-20T14:17:24","guid":{"rendered":"https:\/\/hst.cat\/?p=7740"},"modified":"2019-04-11T09:34:49","modified_gmt":"2019-04-11T07:34:49","slug":"nueva-obligacion-de-registrar-la-jornada-laboral","status":"publish","type":"post","link":"https:\/\/www.hst.cat\/es\/nueva-obligacion-de-registrar-la-jornada-laboral\/","title":{"rendered":"Nueva obligaci\u00f3n de registrar la jornada laboral"},"content":{"rendered":"<p>A partir del 12 de\u00a0 mayo de 2019, todas las empresas tienen la obligaci\u00f3n de registrar el inicio y la finalizaci\u00f3n de la jornada laboral de todos sus trabajadores, tanto los de tiempo parcial como los de tiempo completo.<\/p>\n<p>De esta manera se garantiza el cumplimiento de los l\u00edmites del horario de trabajo y se posibilita el control por parte de la Inspecci\u00f3n de Trabajo y Seguridad Social.<\/p>\n<p>Cada persona, de forma individual debe recibir la relaci\u00f3n de horas ordinarias y extraordinarias mensuales.<\/p>\n<ul>\n<li>Sanciones por las empresas que no registren el control horario de los trabajadores.<\/li>\n<li>Obligaci\u00f3n de guardar los registros durante 4 a\u00f1os.<\/li>\n<li>Los sindicatos deber\u00e1n conocer mensualmente las horas extras de los trabajadores.<\/li>\n<li>A disposici\u00f3n de los propio trabajador, sindicatos, inspecci\u00f3n de trabajo y Seguridad Social.<\/li>\n<\/ul>\n<p>El incumplimiento de esta nueva ley sobre el registro de la jornada laboral de los trabajadores dar\u00e1 lugar a sanciones con multas de entre 626 hasta 6250\u20ac para las empresas.<\/p>\n<p>En HST te ofrecemos la soluci\u00f3n que m\u00e1s se adapta a tu negocio. Soluciones de gesti\u00f3n de control de horario para pymes.<\/p>\n<p>Ofrecemos implantaci\u00f3n, formaci\u00f3n y soporte de relojes de fichar, sistemas de control de horario y control de accesos.<\/p>\n<p>&nbsp;<\/p>\n<p style=\"text-align: center;\"><a href=\"\/es\/control-de-presencia\/\" target=\"_blank\" rel=\"noopener\"><span style=\"font-weight: 400;\">M\u00e1s informaci\u00f3n<\/span><\/a><\/p>\n","protected":false},"excerpt":{"rendered":"<p>A partir del 12 de\u00a0 mayo de 2019, todas las empresas tienen la obligaci\u00f3n de registrar el inicio y la finalizaci\u00f3n de la jornada laboral de<span class=\"excerpt-hellip\"> [\u2026]<\/span><\/p>\n","protected":false},"author":2,"featured_media":3431,"comment_status":"closed","ping_status":"closed","sticky":false,"template":"","format":"standard","meta":{"_jetpack_memberships_contains_paid_content":false,"footnotes":""},"categories":[24],"tags":[],"class_list":["post-7740","post","type-post","status-publish","format-standard","has-post-thumbnail","hentry","category-general-es"],"yoast_head":"<!-- This site is optimized with the Yoast SEO plugin v27.5 - https:\/\/yoast.com\/product\/yoast-seo-wordpress\/ -->\n<title>Registro horario laboral Lleida<\/title>\n<meta name=\"description\" content=\"Sistemas de control de horario. Implantaci\u00f3m, formaci\u00f3n y soporte de relojes de control de horario\" \/>\n<meta name=\"robots\" content=\"index, follow, max-snippet:-1, max-image-preview:large, max-video-preview:-1\" \/>\n<link rel=\"canonical\" href=\"https:\/\/www.hst.cat\/es\/nueva-obligacion-de-registrar-la-jornada-laboral\/\" \/>\n<meta property=\"og:locale\" content=\"es_ES\" \/>\n<meta property=\"og:type\" content=\"article\" \/>\n<meta property=\"og:title\" content=\"Registro horario laboral Lleida\" \/>\n<meta property=\"og:description\" content=\"Sistemas de control de horario. Implantaci\u00f3m, formaci\u00f3n y soporte de relojes de control de horario\" \/>\n<meta property=\"og:url\" content=\"https:\/\/www.hst.cat\/es\/nueva-obligacion-de-registrar-la-jornada-laboral\/\" \/>\n<meta property=\"og:site_name\" content=\"Inform\u00e0tica Lleida HST\" \/>\n<meta property=\"article:published_time\" content=\"2019-03-20T14:17:24+00:00\" \/>\n<meta property=\"article:modified_time\" content=\"2019-04-11T07:34:49+00:00\" \/>\n<meta property=\"og:image\" content=\"https:\/\/i0.wp.com\/www.hst.cat\/wp-content\/uploads\/control-presencia-hst.png?fit=600%2C576&ssl=1\" \/>\n\t<meta property=\"og:image:width\" content=\"600\" \/>\n\t<meta property=\"og:image:height\" content=\"576\" \/>\n\t<meta property=\"og:image:type\" content=\"image\/png\" \/>\n<meta name=\"author\" content=\"HST\" \/>\n<meta name=\"twitter:label1\" content=\"Escrito por\" \/>\n\t<meta name=\"twitter:data1\" content=\"HST\" \/>\n\t<meta name=\"twitter:label2\" content=\"Tiempo de lectura\" \/>\n\t<meta name=\"twitter:data2\" content=\"1 minuto\" \/>\n<script type=\"application\/ld+json\" class=\"yoast-schema-graph\">{\"@context\":\"https:\\\/\\\/schema.org\",\"@graph\":[{\"@type\":\"Article\",\"@id\":\"https:\\\/\\\/www.hst.cat\\\/es\\\/nueva-obligacion-de-registrar-la-jornada-laboral\\\/#article\",\"isPartOf\":{\"@id\":\"https:\\\/\\\/www.hst.cat\\\/es\\\/nueva-obligacion-de-registrar-la-jornada-laboral\\\/\"},\"author\":{\"name\":\"HST\",\"@id\":\"https:\\\/\\\/www.hst.cat\\\/#\\\/schema\\\/person\\\/079a3968b647d9fc2fdc15a74ab7fdb0\"},\"headline\":\"Nueva obligaci\u00f3n de registrar la jornada laboral\",\"datePublished\":\"2019-03-20T14:17:24+00:00\",\"dateModified\":\"2019-04-11T07:34:49+00:00\",\"mainEntityOfPage\":{\"@id\":\"https:\\\/\\\/www.hst.cat\\\/es\\\/nueva-obligacion-de-registrar-la-jornada-laboral\\\/\"},\"wordCount\":221,\"image\":{\"@id\":\"https:\\\/\\\/www.hst.cat\\\/es\\\/nueva-obligacion-de-registrar-la-jornada-laboral\\\/#primaryimage\"},\"thumbnailUrl\":\"https:\\\/\\\/i0.wp.com\\\/www.hst.cat\\\/wp-content\\\/uploads\\\/control-presencia-hst.png?fit=600%2C576&ssl=1\",\"articleSection\":[\"General\"],\"inLanguage\":\"es\"},{\"@type\":\"WebPage\",\"@id\":\"https:\\\/\\\/www.hst.cat\\\/es\\\/nueva-obligacion-de-registrar-la-jornada-laboral\\\/\",\"url\":\"https:\\\/\\\/www.hst.cat\\\/es\\\/nueva-obligacion-de-registrar-la-jornada-laboral\\\/\",\"name\":\"Registro horario laboral Lleida\",\"isPartOf\":{\"@id\":\"https:\\\/\\\/www.hst.cat\\\/#website\"},\"primaryImageOfPage\":{\"@id\":\"https:\\\/\\\/www.hst.cat\\\/es\\\/nueva-obligacion-de-registrar-la-jornada-laboral\\\/#primaryimage\"},\"image\":{\"@id\":\"https:\\\/\\\/www.hst.cat\\\/es\\\/nueva-obligacion-de-registrar-la-jornada-laboral\\\/#primaryimage\"},\"thumbnailUrl\":\"https:\\\/\\\/i0.wp.com\\\/www.hst.cat\\\/wp-content\\\/uploads\\\/control-presencia-hst.png?fit=600%2C576&ssl=1\",\"datePublished\":\"2019-03-20T14:17:24+00:00\",\"dateModified\":\"2019-04-11T07:34:49+00:00\",\"author\":{\"@id\":\"https:\\\/\\\/www.hst.cat\\\/#\\\/schema\\\/person\\\/079a3968b647d9fc2fdc15a74ab7fdb0\"},\"description\":\"Sistemas de control de horario. Implantaci\u00f3m, formaci\u00f3n y soporte de relojes de control de horario\",\"breadcrumb\":{\"@id\":\"https:\\\/\\\/www.hst.cat\\\/es\\\/nueva-obligacion-de-registrar-la-jornada-laboral\\\/#breadcrumb\"},\"inLanguage\":\"es\",\"potentialAction\":[{\"@type\":\"ReadAction\",\"target\":[\"https:\\\/\\\/www.hst.cat\\\/es\\\/nueva-obligacion-de-registrar-la-jornada-laboral\\\/\"]}]},{\"@type\":\"ImageObject\",\"inLanguage\":\"es\",\"@id\":\"https:\\\/\\\/www.hst.cat\\\/es\\\/nueva-obligacion-de-registrar-la-jornada-laboral\\\/#primaryimage\",\"url\":\"https:\\\/\\\/i0.wp.com\\\/www.hst.cat\\\/wp-content\\\/uploads\\\/control-presencia-hst.png?fit=600%2C576&ssl=1\",\"contentUrl\":\"https:\\\/\\\/i0.wp.com\\\/www.hst.cat\\\/wp-content\\\/uploads\\\/control-presencia-hst.png?fit=600%2C576&ssl=1\",\"width\":600,\"height\":576,\"caption\":\"control horari\"},{\"@type\":\"BreadcrumbList\",\"@id\":\"https:\\\/\\\/www.hst.cat\\\/es\\\/nueva-obligacion-de-registrar-la-jornada-laboral\\\/#breadcrumb\",\"itemListElement\":[{\"@type\":\"ListItem\",\"position\":1,\"name\":\"Portada\",\"item\":\"https:\\\/\\\/www.hst.cat\\\/es\\\/\"},{\"@type\":\"ListItem\",\"position\":2,\"name\":\"Nueva obligaci\u00f3n de registrar la jornada laboral\"}]},{\"@type\":\"WebSite\",\"@id\":\"https:\\\/\\\/www.hst.cat\\\/#website\",\"url\":\"https:\\\/\\\/www.hst.cat\\\/\",\"name\":\"Inform\u00e0tica Lleida HST\",\"description\":\"Oferim serveis d\u2019inform\u00e0tica i noves tecnologies per empreses. Servei t\u00e8cnic, Web, Soft Gesti\u00f3, Xarxes, Consultoria\",\"potentialAction\":[{\"@type\":\"SearchAction\",\"target\":{\"@type\":\"EntryPoint\",\"urlTemplate\":\"https:\\\/\\\/www.hst.cat\\\/?s={search_term_string}\"},\"query-input\":{\"@type\":\"PropertyValueSpecification\",\"valueRequired\":true,\"valueName\":\"search_term_string\"}}],\"inLanguage\":\"es\"},{\"@type\":\"Person\",\"@id\":\"https:\\\/\\\/www.hst.cat\\\/#\\\/schema\\\/person\\\/079a3968b647d9fc2fdc15a74ab7fdb0\",\"name\":\"HST\",\"image\":{\"@type\":\"ImageObject\",\"inLanguage\":\"es\",\"@id\":\"https:\\\/\\\/secure.gravatar.com\\\/avatar\\\/89800c467f546a5415b04be7a2b3405c648f08511a010574fffb62084116f730?s=96&d=mm&r=g\",\"url\":\"https:\\\/\\\/secure.gravatar.com\\\/avatar\\\/89800c467f546a5415b04be7a2b3405c648f08511a010574fffb62084116f730?s=96&d=mm&r=g\",\"contentUrl\":\"https:\\\/\\\/secure.gravatar.com\\\/avatar\\\/89800c467f546a5415b04be7a2b3405c648f08511a010574fffb62084116f730?s=96&d=mm&r=g\",\"caption\":\"HST\"},\"sameAs\":[\"https:\\\/\\\/www.hst.cat\"]}]}<\/script>\n<!-- \/ Yoast SEO plugin. -->","yoast_head_json":{"title":"Registro horario laboral Lleida","description":"Sistemas de control de horario. Implantaci\u00f3m, formaci\u00f3n y soporte de relojes de control de horario","robots":{"index":"index","follow":"follow","max-snippet":"max-snippet:-1","max-image-preview":"max-image-preview:large","max-video-preview":"max-video-preview:-1"},"canonical":"https:\/\/www.hst.cat\/es\/nueva-obligacion-de-registrar-la-jornada-laboral\/","og_locale":"es_ES","og_type":"article","og_title":"Registro horario laboral Lleida","og_description":"Sistemas de control de horario. Implantaci\u00f3m, formaci\u00f3n y soporte de relojes de control de horario","og_url":"https:\/\/www.hst.cat\/es\/nueva-obligacion-de-registrar-la-jornada-laboral\/","og_site_name":"Inform\u00e0tica Lleida HST","article_published_time":"2019-03-20T14:17:24+00:00","article_modified_time":"2019-04-11T07:34:49+00:00","og_image":[{"width":600,"height":576,"url":"https:\/\/i0.wp.com\/www.hst.cat\/wp-content\/uploads\/control-presencia-hst.png?fit=600%2C576&ssl=1","type":"image\/png"}],"author":"HST","twitter_misc":{"Escrito por":"HST","Tiempo de lectura":"1 minuto"},"schema":{"@context":"https:\/\/schema.org","@graph":[{"@type":"Article","@id":"https:\/\/www.hst.cat\/es\/nueva-obligacion-de-registrar-la-jornada-laboral\/#article","isPartOf":{"@id":"https:\/\/www.hst.cat\/es\/nueva-obligacion-de-registrar-la-jornada-laboral\/"},"author":{"name":"HST","@id":"https:\/\/www.hst.cat\/#\/schema\/person\/079a3968b647d9fc2fdc15a74ab7fdb0"},"headline":"Nueva obligaci\u00f3n de registrar la jornada laboral","datePublished":"2019-03-20T14:17:24+00:00","dateModified":"2019-04-11T07:34:49+00:00","mainEntityOfPage":{"@id":"https:\/\/www.hst.cat\/es\/nueva-obligacion-de-registrar-la-jornada-laboral\/"},"wordCount":221,"image":{"@id":"https:\/\/www.hst.cat\/es\/nueva-obligacion-de-registrar-la-jornada-laboral\/#primaryimage"},"thumbnailUrl":"https:\/\/i0.wp.com\/www.hst.cat\/wp-content\/uploads\/control-presencia-hst.png?fit=600%2C576&ssl=1","articleSection":["General"],"inLanguage":"es"},{"@type":"WebPage","@id":"https:\/\/www.hst.cat\/es\/nueva-obligacion-de-registrar-la-jornada-laboral\/","url":"https:\/\/www.hst.cat\/es\/nueva-obligacion-de-registrar-la-jornada-laboral\/","name":"Registro horario laboral Lleida","isPartOf":{"@id":"https:\/\/www.hst.cat\/#website"},"primaryImageOfPage":{"@id":"https:\/\/www.hst.cat\/es\/nueva-obligacion-de-registrar-la-jornada-laboral\/#primaryimage"},"image":{"@id":"https:\/\/www.hst.cat\/es\/nueva-obligacion-de-registrar-la-jornada-laboral\/#primaryimage"},"thumbnailUrl":"https:\/\/i0.wp.com\/www.hst.cat\/wp-content\/uploads\/control-presencia-hst.png?fit=600%2C576&ssl=1","datePublished":"2019-03-20T14:17:24+00:00","dateModified":"2019-04-11T07:34:49+00:00","author":{"@id":"https:\/\/www.hst.cat\/#\/schema\/person\/079a3968b647d9fc2fdc15a74ab7fdb0"},"description":"Sistemas de control de horario. Implantaci\u00f3m, formaci\u00f3n y soporte de relojes de control de horario","breadcrumb":{"@id":"https:\/\/www.hst.cat\/es\/nueva-obligacion-de-registrar-la-jornada-laboral\/#breadcrumb"},"inLanguage":"es","potentialAction":[{"@type":"ReadAction","target":["https:\/\/www.hst.cat\/es\/nueva-obligacion-de-registrar-la-jornada-laboral\/"]}]},{"@type":"ImageObject","inLanguage":"es","@id":"https:\/\/www.hst.cat\/es\/nueva-obligacion-de-registrar-la-jornada-laboral\/#primaryimage","url":"https:\/\/i0.wp.com\/www.hst.cat\/wp-content\/uploads\/control-presencia-hst.png?fit=600%2C576&ssl=1","contentUrl":"https:\/\/i0.wp.com\/www.hst.cat\/wp-content\/uploads\/control-presencia-hst.png?fit=600%2C576&ssl=1","width":600,"height":576,"caption":"control horari"},{"@type":"BreadcrumbList","@id":"https:\/\/www.hst.cat\/es\/nueva-obligacion-de-registrar-la-jornada-laboral\/#breadcrumb","itemListElement":[{"@type":"ListItem","position":1,"name":"Portada","item":"https:\/\/www.hst.cat\/es\/"},{"@type":"ListItem","position":2,"name":"Nueva obligaci\u00f3n de registrar la jornada laboral"}]},{"@type":"WebSite","@id":"https:\/\/www.hst.cat\/#website","url":"https:\/\/www.hst.cat\/","name":"Inform\u00e0tica Lleida HST","description":"Oferim serveis d\u2019inform\u00e0tica i noves tecnologies per empreses. Servei t\u00e8cnic, Web, Soft Gesti\u00f3, Xarxes, Consultoria","potentialAction":[{"@type":"SearchAction","target":{"@type":"EntryPoint","urlTemplate":"https:\/\/www.hst.cat\/?s={search_term_string}"},"query-input":{"@type":"PropertyValueSpecification","valueRequired":true,"valueName":"search_term_string"}}],"inLanguage":"es"},{"@type":"Person","@id":"https:\/\/www.hst.cat\/#\/schema\/person\/079a3968b647d9fc2fdc15a74ab7fdb0","name":"HST","image":{"@type":"ImageObject","inLanguage":"es","@id":"https:\/\/secure.gravatar.com\/avatar\/89800c467f546a5415b04be7a2b3405c648f08511a010574fffb62084116f730?s=96&d=mm&r=g","url":"https:\/\/secure.gravatar.com\/avatar\/89800c467f546a5415b04be7a2b3405c648f08511a010574fffb62084116f730?s=96&d=mm&r=g","contentUrl":"https:\/\/secure.gravatar.com\/avatar\/89800c467f546a5415b04be7a2b3405c648f08511a010574fffb62084116f730?s=96&d=mm&r=g","caption":"HST"},"sameAs":["https:\/\/www.hst.cat"]}]}},"jetpack_featured_media_url":"https:\/\/i0.wp.com\/www.hst.cat\/wp-content\/uploads\/control-presencia-hst.png?fit=600%2C576&ssl=1","jetpack_shortlink":"https:\/\/wp.me\/p7Yfwy-20Q","jetpack_sharing_enabled":true,"_links":{"self":[{"href":"https:\/\/www.hst.cat\/es\/wp-json\/wp\/v2\/posts\/7740","targetHints":{"allow":["GET"]}}],"collection":[{"href":"https:\/\/www.hst.cat\/es\/wp-json\/wp\/v2\/posts"}],"about":[{"href":"https:\/\/www.hst.cat\/es\/wp-json\/wp\/v2\/types\/post"}],"author":[{"embeddable":true,"href":"https:\/\/www.hst.cat\/es\/wp-json\/wp\/v2\/users\/2"}],"replies":[{"embeddable":true,"href":"https:\/\/www.hst.cat\/es\/wp-json\/wp\/v2\/comments?post=7740"}],"version-history":[{"count":3,"href":"https:\/\/www.hst.cat\/es\/wp-json\/wp\/v2\/posts\/7740\/revisions"}],"predecessor-version":[{"id":8334,"href":"https:\/\/www.hst.cat\/es\/wp-json\/wp\/v2\/posts\/7740\/revisions\/8334"}],"wp:featuredmedia":[{"embeddable":true,"href":"https:\/\/www.hst.cat\/es\/wp-json\/wp\/v2\/media\/3431"}],"wp:attachment":[{"href":"https:\/\/www.hst.cat\/es\/wp-json\/wp\/v2\/media?parent=7740"}],"wp:term":[{"taxonomy":"category","embeddable":true,"href":"https:\/\/www.hst.cat\/es\/wp-json\/wp\/v2\/categories?post=7740"},{"taxonomy":"post_tag","embeddable":true,"href":"https:\/\/www.hst.cat\/es\/wp-json\/wp\/v2\/tags?post=7740"}],"curies":[{"name":"wp","href":"https:\/\/api.w.org\/{rel}","templated":true}]}}